{"id":8139,"global_id":"www.skeivverden.no\/en?id=8139","global_id_lineage":["www.skeivverden.no\/en?id=8139"],"author":"2","status":"publish","date":"2024-05-30 11:02:30","date_utc":"2024-05-30 11:02:30","modified":"2024-06-22 10:32:41","modified_utc":"2024-06-22 10:32:41","url":"https:\/\/www.skeivverden.no\/en\/event\/ga-med-skeiv-verden-i-oslo-pride\/","rest_url":"https:\/\/www.skeivverden.no\/en\/wp-json\/tribe\/events\/v1\/events\/8139","title":"G\u00e5 med Skeiv Verden i Oslo Pride!","description":"<p><span data-sheets-root=\"1\" data-sheets-value=\"{&quot;1&quot;:2,&quot;2&quot;:&quot;G\u00e5 sammen med Skeiv Verden i Oslo Pride-paraden!\\n\\nVi inviterer deg til \u00e5 g\u00e5 sammen med oss under parolen: \u00abQueer minorities standing in solidarity - STOP ALL GENOCIDE!\u00bb og \u00abThere's PRIDE in our background! Queer minorities stand strong\u00bb.\\n\\nUnder fl\u00e5ten v\u00e5r kan vi love at politikk m\u00f8ter fest med musikk fra Midt\u00f8sten, Afrika, S\u00f8r-Amerika og selvf\u00f8lgelig noen klassiske hits.\\n\\nDet er viktig for oss \u00e5 v\u00e6re en tydelig og synlig akt\u00f8r for \u00e5 peke ut utfordringene m\u00e5lgruppen v\u00e5re m\u00f8ter; i sine minoritetsmilj\u00f8er, det skeive milj\u00f8et og i samfunnet som en helhet. Vi vil vise at vi er skeive og religi\u00f8se og har ulike etnisiteter, det er mulig!\\n\\nVi \u00f8nsker \u00e5 reflektere verdien som startet den skeive bevegelsen, det var minoritetene i minoriteten, transpersoner, sex arbeidere og skeive med ulike etniske bakgrunn som stod i front, og er fremdeles de som blir hardest rammet av diskriminering og levek\u00e5rsutfordringer. \\n\\nMed polariseringen vi ser i samfunnet i dag, og grusomhetene som skjer i verden kan vi ikke v\u00e6re stille eller sitte i ro, derfor er det enda viktigere enn noen gang at vi st\u00e5r fram, er synlige og roper ut for oss selv og alle de vi st\u00e5r i solidaritet med!\\n\\nG\u00e5 med oss hvis du mener at:\\n- Antirasisme og skeiv kamp er to sider av samme sak, og vil ha en mer inkluderende skeiv bevegelse!\\n- Transpersoner med innvandrerbakgrunn m\u00e5 f\u00e5 adekvat oppf\u00f8lging og behandling i helse og sosialtjenester og ikke tvinges til \u00e5 pause behandlingen sin \u2013 og at forskjellsbehandlingen m\u00e5 stoppe!\\n- Skeiv minoriteter st\u00e5r i solidaritet med alle folkegrupper i verden som kjemper mot undertrykkelse. Stop alt folkemord n\u00e5!\\n- Skeive i mottakssystemet for flykninger b\u00f8r f\u00e5 bedre oppf\u00f8lging, og f\u00e5 sikret stabile og trygge boforhold!\\n\\n\\nOppm\u00f8te: kl 11:30\\n*OBS: S\u00f8rg for \u00e5 v\u00e6re til stede i tide!\\n-------------------------------------\\n\\nEnglish:\\nWalk with Queer World in the Oslo Pride-parade!\\n\\nWe\u2019re inviting you to march with us under the parole: \u00abQueer minorities standing in solidarity - STOP ALL GENOCIDE NOW\u00bb! and \u00abThere's PRIDE in our background! Queer minorities stand strong\u00bb.\\n\\nWe promise that politics meets party with music from the Middle East, Africa, South America and of course some classic hits.\\n\\nIt is important for us to be a clear and visible voice that points out the challenges our community face in their culture, the queer community and in society at large. We want to show that we are queer, religious and of different ethnicities, we exist!\\n\\nWe want to reflect the values that started the queer movement. It was the minorities in the minority, trans people, queer people of different ethnic backgrounds and sex workers that stood in the frontlines and are still the ones most affected by discrimination and unacceptable living conditions.\\n\\nIt is impossible to be silent with the great polarization we see in our society today and the atrocities that are happening in the world. That\u2019s why it is even more important than ever before that we stand tall and shout out loud for ourselves and everyone we stand in solidarity with!\\n\\nJoin us if you think that:\\n- Anti-racism and queer struggle are two sides of the same coin and wish for a more inclusive queer movement\\n- Transgender people with an immigrant background must receive adequate follow-up and treatment in health and social services, and not be forced to pause their treatment - and that the differential treatment must stop!\\n- Queer minorities stand in solidarity with all ethnic groups in the world that are fighting against oppression. Stop all genocide now!\\n- Queer people in the asylum system for refugees should receive better follow-up, and ensure stable and safe living conditions \\n\\nMeet up at 11:30\\n*NB: Make sure you are there on time!\\n&quot;}\" data-sheets-userformat=\"{&quot;2&quot;:11179,&quot;3&quot;:{&quot;1&quot;:0},&quot;4&quot;:{&quot;1&quot;:2,&quot;2&quot;:16777215},&quot;6&quot;:{&quot;1&quot;:[{&quot;1&quot;:2,&quot;2&quot;:0,&quot;5&quot;:{&quot;1&quot;:2,&quot;2&quot;:0}},{&quot;1&quot;:0,&quot;2&quot;:0,&quot;3&quot;:3},{&quot;1&quot;:1,&quot;2&quot;:0,&quot;4&quot;:1}]},&quot;8&quot;:{&quot;1&quot;:[{&quot;1&quot;:2,&quot;2&quot;:0,&quot;5&quot;:{&quot;1&quot;:2,&quot;2&quot;:0}},{&quot;1&quot;:0,&quot;2&quot;:0,&quot;3&quot;:3},{&quot;1&quot;:1,&quot;2&quot;:0,&quot;4&quot;:1}]},&quot;10&quot;:2,&quot;11&quot;:4,&quot;12&quot;:0,&quot;14&quot;:{&quot;1&quot;:2,&quot;2&quot;:0},&quot;16&quot;:11}\">G\u00e5 sammen med Skeiv Verden i Oslo Pride-paraden!<\/span><\/p>\n<p>Vi inviterer deg til \u00e5 g\u00e5 sammen med oss under parolen: \u00abQueer minorities standing in solidarity &#8211; STOP ALL GENOCIDE!\u00bb og \u00abThere&#8217;s PRIDE in our background! Queer minorities stand strong\u00bb.<\/p>\n<p>Under fl\u00e5ten v\u00e5r kan vi love at politikk m\u00f8ter fest med musikk fra Midt\u00f8sten, Afrika, S\u00f8r-Amerika og selvf\u00f8lgelig noen klassiske hits.<\/p>\n<p>Det er viktig for oss \u00e5 v\u00e6re en tydelig og synlig akt\u00f8r for \u00e5 peke ut utfordringene m\u00e5lgruppen v\u00e5re m\u00f8ter; i sine minoritetsmilj\u00f8er, det skeive milj\u00f8et og i samfunnet som en helhet. Vi vil vise at vi er skeive og religi\u00f8se og har ulike etnisiteter, det er mulig!<\/p>\n<p>Vi \u00f8nsker \u00e5 reflektere verdien som startet den skeive bevegelsen, det var minoritetene i minoriteten, transpersoner, sex arbeidere og skeive med ulike etniske bakgrunn som stod i front, og er fremdeles de som blir hardest rammet av diskriminering og levek\u00e5rsutfordringer.<\/p>\n<p>Med polariseringen vi ser i samfunnet i dag, og grusomhetene som skjer i verden kan vi ikke v\u00e6re stille eller sitte i ro, derfor er det enda viktigere enn noen gang at vi st\u00e5r fram, er synlige og roper ut for oss selv og alle de vi st\u00e5r i solidaritet med!<\/p>\n<p>G\u00e5 med oss hvis du mener at:<br \/>\n&#8211; Antirasisme og skeiv kamp er to sider av samme sak, og vil ha en mer inkluderende skeiv bevegelse!<br \/>\n&#8211; Transpersoner med innvandrerbakgrunn m\u00e5 f\u00e5 adekvat oppf\u00f8lging og behandling i helse og sosialtjenester og ikke tvinges til \u00e5 pause behandlingen sin \u2013 og at forskjellsbehandlingen m\u00e5 stoppe!<br \/>\n&#8211; Skeiv minoriteter st\u00e5r i solidaritet med alle folkegrupper i verden som kjemper mot undertrykkelse. Stop alt folkemord n\u00e5!<br \/>\n&#8211; Skeive i mottakssystemet for flykninger b\u00f8r f\u00e5 bedre oppf\u00f8lging, og f\u00e5 sikret stabile og trygge boforhold!<\/p>\n<p>Oppm\u00f8te: kl 11:30<br \/>\n*OBS: S\u00f8rg for \u00e5 v\u00e6re til stede i tide!<br \/>\n&#8212;&#8212;&#8212;&#8212;&#8212;&#8212;&#8212;&#8212;&#8212;&#8212;&#8212;&#8212;-<\/p>\n<p>English:<br \/>\nWalk with Queer World in the Oslo Pride-parade!<\/p>\n<p>We\u2019re inviting you to march with us under the parole: \u00abQueer minorities standing in solidarity &#8211; STOP ALL GENOCIDE NOW\u00bb! and \u00abThere&#8217;s PRIDE in our background! Queer minorities stand strong\u00bb.<\/p>\n<p>We promise that politics meets party with music from the Middle East, Africa, South America and of course some classic hits.<\/p>\n<p>It is important for us to be a clear and visible voice that points out the challenges our community face in their culture, the queer community and in society at large. We want to show that we are queer, religious and of different ethnicities, we exist!<\/p>\n<p>We want to reflect the values that started the queer movement. It was the minorities in the minority, trans people, queer people of different ethnic backgrounds and sex workers that stood in the frontlines and are still the ones most affected by discrimination and unacceptable living conditions.<\/p>\n<p>It is impossible to be silent with the great polarization we see in our society today and the atrocities that are happening in the world. That\u2019s why it is even more important than ever before that we stand tall and shout out loud for ourselves and everyone we stand in solidarity with!<\/p>\n<p>Join us if you think that:<br \/>\n&#8211; Anti-racism and queer struggle are two sides of the same coin and wish for a more inclusive queer movement<br \/>\n&#8211; Transgender people with an immigrant background must receive adequate follow-up and treatment in health and social services, and not be forced to pause their treatment &#8211; and that the differential treatment must stop!<br \/>\n&#8211; Queer minorities stand in solidarity with all ethnic groups in the world that are fighting against oppression. Stop all genocide now!<br \/>\n&#8211; Queer people in the asylum system for refugees should receive better follow-up, and ensure stable and safe living conditions<\/p>\n<p>Meet up at 11:30<br \/>\n*NB: Make sure you are there on time!<\/p>","excerpt":"","slug":"ga-med-skeiv-verden-i-oslo-pride","image":{"url":"https:\/\/www.skeivverden.no\/wp-content\/uploads\/2024\/05\/Pride-1200x630-uten-klokkeslett-scaled.webp","id":8236,"extension":"webp","width":2560,"height":1344,"filesize":92824,"sizes":{"medium":{"width":300,"height":158,"mime-type":"image\/webp","filesize":8086,"url":"https:\/\/www.skeivverden.no\/wp-content\/uploads\/2024\/05\/Pride-1200x630-uten-klokkeslett-300x158.webp"},"large":{"width":1024,"height":538,"mime-type":"image\/webp","filesize":35830,"url":"https:\/\/www.skeivverden.no\/wp-content\/uploads\/2024\/05\/Pride-1200x630-uten-klokkeslett-1024x538.webp"},"thumbnail":{"width":150,"height":150,"mime-type":"image\/webp","filesize":5374,"url":"https:\/\/www.skeivverden.no\/wp-content\/uploads\/2024\/05\/Pride-1200x630-uten-klokkeslett-150x150.webp"},"medium_large":{"width":768,"height":403,"mime-type":"image\/webp","filesize":25518,"url":"https:\/\/www.skeivverden.no\/wp-content\/uploads\/2024\/05\/Pride-1200x630-uten-klokkeslett-768x403.webp"},"1536x1536":{"width":1536,"height":806,"mime-type":"image\/webp","filesize":54718,"url":"https:\/\/www.skeivverden.no\/wp-content\/uploads\/2024\/05\/Pride-1200x630-uten-klokkeslett-1536x806.webp"},"2048x2048":{"width":2048,"height":1075,"mime-type":"image\/webp","filesize":73580,"url":"https:\/\/www.skeivverden.no\/wp-content\/uploads\/2024\/05\/Pride-1200x630-uten-klokkeslett-2048x1075.webp"},"trp-custom-language-flag":{"width":18,"height":9,"mime-type":"image\/webp","filesize":278,"url":"https:\/\/www.skeivverden.no\/wp-content\/uploads\/2024\/05\/Pride-1200x630-uten-klokkeslett-18x9.webp"},"portfolio-List-v1":{"width":369,"height":399,"mime-type":"image\/webp","filesize":15692,"url":"https:\/\/www.skeivverden.no\/wp-content\/uploads\/2024\/05\/Pride-1200x630-uten-klokkeslett-369x399.webp"},"portfolio-List-v2":{"width":565,"height":410,"mime-type":"image\/webp","filesize":21566,"url":"https:\/\/www.skeivverden.no\/wp-content\/uploads\/2024\/05\/Pride-1200x630-uten-klokkeslett-565x410.webp"},"portfolio-v7":{"width":450,"height":387,"mime-type":"image\/webp","filesize":18140,"url":"https:\/\/www.skeivverden.no\/wp-content\/uploads\/2024\/05\/Pride-1200x630-uten-klokkeslett-450x387.webp"},"portfolio-280x333":{"width":280,"height":333,"mime-type":"image\/webp","filesize":12098,"url":"https:\/\/www.skeivverden.no\/wp-content\/uploads\/2024\/05\/Pride-1200x630-uten-klokkeslett-280x333.webp"},"portfolio-v9":{"width":475,"height":495,"mime-type":"image\/webp","filesize":20088,"url":"https:\/\/www.skeivverden.no\/wp-content\/uploads\/2024\/05\/Pride-1200x630-uten-klokkeslett-475x495.webp"},"image-slider-922x576":{"width":922,"height":576,"mime-type":"image\/webp","filesize":33632,"url":"https:\/\/www.skeivverden.no\/wp-content\/uploads\/2024\/05\/Pride-1200x630-uten-klokkeslett-922x576.webp"},"image-370x400":{"width":370,"height":400,"mime-type":"image\/webp","filesize":15650,"url":"https:\/\/www.skeivverden.no\/wp-content\/uploads\/2024\/05\/Pride-1200x630-uten-klokkeslett-370x400.webp"},"image-337x351":{"width":337,"height":351,"mime-type":"image\/webp","filesize":13838,"url":"https:\/\/www.skeivverden.no\/wp-content\/uploads\/2024\/05\/Pride-1200x630-uten-klokkeslett-337x351.webp"},"Portfolio-list-640x550":{"width":640,"height":550,"mime-type":"image\/webp","filesize":26250,"url":"https:\/\/www.skeivverden.no\/wp-content\/uploads\/2024\/05\/Pride-1200x630-uten-klokkeslett-640x550.webp"},"Portfolio-list-427x500":{"width":427,"height":500,"mime-type":"image\/webp","filesize":18334,"url":"https:\/\/www.skeivverden.no\/wp-content\/uploads\/2024\/05\/Pride-1200x630-uten-klokkeslett-427x500.webp"},"Portfolio-list370x494":{"width":370,"height":494,"mime-type":"image\/webp","filesize":16700,"url":"https:\/\/www.skeivverden.no\/wp-content\/uploads\/2024\/05\/Pride-1200x630-uten-klokkeslett-370x494.webp"},"Image-gallery-270-160":{"width":270,"height":160,"mime-type":"image\/webp","filesize":7524,"url":"https:\/\/www.skeivverden.no\/wp-content\/uploads\/2024\/05\/Pride-1200x630-uten-klokkeslett-270x160.webp"},"woocommerce_thumbnail":{"width":300,"height":300,"mime-type":"image\/webp","filesize":11860,"uncropped":false,"url":"https:\/\/www.skeivverden.no\/wp-content\/uploads\/2024\/05\/Pride-1200x630-uten-klokkeslett-300x300.webp"},"woocommerce_single":{"width":600,"height":315,"mime-type":"image\/webp","filesize":19296,"url":"https:\/\/www.skeivverden.no\/wp-content\/uploads\/2024\/05\/Pride-1200x630-uten-klokkeslett-600x315.webp"},"woocommerce_gallery_thumbnail":{"width":150,"height":150,"mime-type":"image\/webp","filesize":5374,"url":"https:\/\/www.skeivverden.no\/wp-content\/uploads\/2024\/05\/Pride-1200x630-uten-klokkeslett-150x150.webp"}},"original_image":"Pride-1200x630-uten-klokkeslett.webp"},"all_day":false,"start_date":"2024-06-29 13:00:00","start_date_details":{"year":"2024","month":"06","day":"29","hour":"13","minutes":"00","seconds":"00"},"end_date":"2024-06-29 15:30:00","end_date_details":{"year":"2024","month":"06","day":"29","hour":"15","minutes":"30","seconds":"00"},"utc_start_date":"2024-06-29 13:00:00","utc_start_date_details":{"year":"2024","month":"06","day":"29","hour":"13","minutes":"00","seconds":"00"},"utc_end_date":"2024-06-29 15:30:00","utc_end_date_details":{"year":"2024","month":"06","day":"29","hour":"15","minutes":"30","seconds":"00"},"timezone":"UTC+0","timezone_abbr":"UTC+0","cost":"","cost_details":{"currency_symbol":"Kr","currency_code":"NOK\t\t\t\t\t\t\tclass=\t\t\t\t\t\t\tclass=\t\t\t\t\t\t\tclass=\t\t\t\t\t\t\tclass=\t\t\t\t\t\t\tclass=\t\t\t\t\t\t\tclass=\t\t\t\t\t\t\tclass=\t\t\t\t\t\t\tclass=\t\t\t\t\t\t\tclass=\t\t\t\t\t\t\tclass=\t\t\t\t\t\t\tclass=\t\t\t\t\t\t\tclass=\t\t\t\t\t\t\tclass=\t\t\t\t\t\t\tclass=\t\t\t\t\t\t\tclass=\t\t\t\t\t\t\tclass=\t\t\t\t\t\t\tclass=\t\t\t\t\t\t\tclass=\t\t\t\t\t\t\tclass=\t\t\t\t\t\t\tclass=\t\t\t\t\t\t\tclass=\t\t\t\t\t\t\tclass=\t\t\t\t\t\t\tclass=\t\t\t\t\t\t\tclass=\t\t\t\t\t\t\tclass=","currency_position":"prefix","values":[]},"website":"https:\/\/www.facebook.com\/share\/R6NaphBdfmfCBP8E\/","show_map":true,"show_map_link":true,"hide_from_listings":false,"sticky":false,"featured":false,"categories":[{"name":"Oslo-pride","slug":"oslo-pride","term_group":0,"term_taxonomy_id":84,"taxonomy":"tribe_events_cat","description":"","parent":0,"count":26,"filter":"raw","id":108,"urls":{"self":"https:\/\/www.skeivverden.no\/en\/wp-json\/tribe\/events\/v1\/categories\/108","collection":"https:\/\/www.skeivverden.no\/en\/wp-json\/tribe\/events\/v1\/categories"}},{"name":"Pride","slug":"pride","term_group":0,"term_taxonomy_id":74,"taxonomy":"tribe_events_cat","description":"","parent":0,"count":50,"filter":"raw","id":98,"urls":{"self":"https:\/\/www.skeivverden.no\/en\/wp-json\/tribe\/events\/v1\/categories\/98","collection":"https:\/\/www.skeivverden.no\/en\/wp-json\/tribe\/events\/v1\/categories"}}],"tags":[{"name":"Skeiv Verden Oslo","slug":"skeiv-verden-oslo-og-ostlandet","term_group":0,"term_taxonomy_id":76,"taxonomy":"post_tag","description":"","parent":0,"count":43,"filter":"raw","id":100,"urls":{"self":"https:\/\/www.skeivverden.no\/en\/wp-json\/tribe\/events\/v1\/tags\/100","collection":"https:\/\/www.skeivverden.no\/en\/wp-json\/tribe\/events\/v1\/tags"}}],"venue":{"id":8140,"author":"2","status":"publish","date":"2024-05-30 11:02:31","date_utc":"2024-05-30 11:02:31","modified":"2025-06-20 11:05:17","modified_utc":"2025-06-20 11:05:17","url":"https:\/\/www.skeivverden.no\/en\/venue\/gronlandsleiret\/","venue":"Gr\u00f8nlandsleiret","slug":"gronlandsleiret","address":"Gr\u00f8nlandsleiret 34","city":"Oslo","country":"Norway","zip":"0190","json_ld":{"@type":"Place","name":"Gr\u00f8nlandsleiret","description":"","url":"https:\/\/www.skeivverden.no\/en\/venue\/gronlandsleiret\/","address":{"@type":"PostalAddress","streetAddress":"Gr\u00f8nlandsleiret 34","addressLocality":"Oslo","postalCode":"0190","addressCountry":"Norway"},"telephone":"","sameAs":""},"show_map":false,"show_map_link":false,"global_id":"www.skeivverden.no\/en?id=8140","global_id_lineage":["www.skeivverden.no\/en?id=8140"]},"organizer":[{"id":7414,"author":"2","status":"publish","date":"2024-05-21 13:44:35","date_utc":"2024-05-21 13:44:35","modified":"2024-05-29 09:45:23","modified_utc":"2024-05-29 09:45:23","url":"https:\/\/www.skeivverden.no\/en\/organiser\/skeiv-verden\/","organizer":"Skeiv Verden","slug":"skeiv-verden","website":"https:\/\/www.skeivverden.no\/","json_ld":{"@type":"Person","name":"Skeiv Verden","description":"","url":"https:\/\/www.skeivverden.no\/","telephone":"","email":"","sameAs":"https:\/\/www.skeivverden.no\/"},"global_id":"www.skeivverden.no\/en?id=7414","global_id_lineage":["www.skeivverden.no\/en?id=7414"]}],"custom_fields":[],"json_ld":{"@context":"http:\/\/schema.org","@type":"Event","name":"G\u00e5 med Skeiv Verden i Oslo Pride!","description":"&lt;p&gt;G\u00e5 sammen med Skeiv Verden i Oslo Pride-paraden! Vi inviterer deg til \u00e5 g\u00e5 sammen med oss under parolen: \u00abQueer minorities standing in solidarity - STOP ALL GENOCIDE!\u00bb og \u00abThere\\'s [&hellip;]&lt;\/p&gt;\\n","image":"https:\/\/www.skeivverden.no\/wp-content\/uploads\/2024\/05\/Pride-1200x630-uten-klokkeslett-scaled.webp","url":"https:\/\/www.skeivverden.no\/en\/event\/ga-med-skeiv-verden-i-oslo-pride\/","eventAttendanceMode":"https:\/\/schema.org\/OfflineEventAttendanceMode","eventStatus":"https:\/\/schema.org\/EventScheduled","startDate":"2024-06-29T13:00:00+00:00","endDate":"2024-06-29T15:30:00+00:00","location":{"@type":"Place","name":"Gr\u00f8nlandsleiret","description":"","url":"https:\/\/www.skeivverden.no\/en\/venue\/gronlandsleiret\/","address":{"@type":"PostalAddress","streetAddress":"Gr\u00f8nlandsleiret 34","addressLocality":"Oslo","postalCode":"0190","addressCountry":"Norway"},"telephone":"","sameAs":""},"organizer":{"@type":"Person","name":"Skeiv Verden","description":"","url":"https:\/\/www.skeivverden.no\/","telephone":"","email":"","sameAs":"https:\/\/www.skeivverden.no\/"},"performer":"Organization"},"is_virtual":false,"virtual_url":null,"virtual_video_source":""}