{"id":9803,"global_id":"www.skeivverden.no\/en?id=9803","global_id_lineage":["www.skeivverden.no\/en?id=9803"],"author":"2","status":"publish","date":"2025-06-17 18:25:39","date_utc":"2025-06-17 18:25:39","modified":"2025-06-17 18:25:39","modified_utc":"2025-06-17 18:25:39","url":"https:\/\/www.skeivverden.no\/en\/event\/panelsamtale-hvem-ser-den-skeive-eleven\/","rest_url":"https:\/\/www.skeivverden.no\/en\/wp-json\/tribe\/events\/v1\/events\/9803","title":"Panelsamtale: Hvem ser den skeive eleven?","description":"<p class=\"ai-optimize-10 ai-optimize-introduction\"><strong>Arrang\u00f8r:<\/strong> Sex og Samfunn + Skeiv Verden.<\/p>\n<p class=\"ai-optimize-10 ai-optimize-introduction\">Skolen i Norge skal gj\u00f8re alle barn og unge klare til \u00e5 ta del i det norske samfunnet. En skal l\u00e6res opp til \u00e5 bli gode samfunnsborgere som skal delta og engasjere seg i utviklingen av samfunnet til det bedre.<\/p>\n<p class=\"ai-optimize-10 ai-optimize-introduction\">Vi vet en del om seksualitetsundervisningen i skolen. B\u00e5de l\u00e6rere og elever har i ulike unders\u00f8kelser sl\u00e5tt fast at det er for lite undervisning i skolen, den har et feil fokus og skeiv seksualitet og identitet blir i liten grad, om noe, tematisert.<\/p>\n<p class=\"ai-optimize-11\"><strong>Sp\u00f8rsm\u00e5l vi \u00f8nsker \u00e5 ta opp i samtalen:<\/strong><\/p>\n<ul>\n<li class=\"ai-optimize-12\">Hvem har ansvar for \u00e5 romme og ivareta den skeive eleven?<\/li>\n<li class=\"ai-optimize-12\">Hvordan forholde seg til interseksjonalitet i seksualitetsundervisningen?<\/li>\n<li class=\"ai-optimize-12\">Hvem kan den unge skeive se opp til?<\/li>\n<li class=\"ai-optimize-12\">Hvordan kan undervisningspersonale gj\u00f8re klasserommene og skolehverdagen trygg for den skeive eleven?<\/li>\n<\/ul>\n<p class=\"ai-optimize-13\"><strong>I panelet:<\/strong><\/p>\n<ul>\n<li class=\"ai-optimize-13\">Skeiv Verden: Birhana Mehari<\/li>\n<li class=\"ai-optimize-13\">Skeiv Ungdom: Trym Karlsen<\/li>\n<li class=\"ai-optimize-13\">Mental Helse Ungdom: ikke bekreftet<\/li>\n<li class=\"ai-optimize-13\">Foreningen Fri\/Rosa kompetanse utdanning: Miriam Aurora Hammeren Pedersen<\/li>\n<li class=\"ai-optimize-13\">Byr\u00e5d\/byr\u00e5dssekret\u00e6r for utdanning Oslo kommune: ikke bekreftet<\/li>\n<\/ul>\n<p class=\"ai-optimize-13\">Ordstyrer: Sex og samfunn: Louise Gabrielsen<\/p>","excerpt":"","slug":"panelsamtale-hvem-ser-den-skeive-eleven","image":{"url":"https:\/\/www.skeivverden.no\/wp-content\/uploads\/2025\/06\/Copy-of-Pride-arrangement-generell-2-facebook-nettside-1.png","id":9804,"extension":"png","width":1200,"height":675,"filesize":133883,"sizes":{"medium":{"width":300,"height":169,"mime-type":"image\/png","filesize":21942,"url":"https:\/\/www.skeivverden.no\/wp-content\/uploads\/2025\/06\/Copy-of-Pride-arrangement-generell-2-facebook-nettside-1-300x169.png"},"large":{"width":1024,"height":576,"mime-type":"image\/png","filesize":125388,"url":"https:\/\/www.skeivverden.no\/wp-content\/uploads\/2025\/06\/Copy-of-Pride-arrangement-generell-2-facebook-nettside-1-1024x576.png"},"thumbnail":{"width":150,"height":150,"mime-type":"image\/png","filesize":10983,"url":"https:\/\/www.skeivverden.no\/wp-content\/uploads\/2025\/06\/Copy-of-Pride-arrangement-generell-2-facebook-nettside-1-150x150.png"},"medium_large":{"width":768,"height":432,"mime-type":"image\/png","filesize":81912,"url":"https:\/\/www.skeivverden.no\/wp-content\/uploads\/2025\/06\/Copy-of-Pride-arrangement-generell-2-facebook-nettside-1-768x432.png"},"trp-custom-language-flag":{"width":18,"height":10,"mime-type":"image\/png","filesize":475,"url":"https:\/\/www.skeivverden.no\/wp-content\/uploads\/2025\/06\/Copy-of-Pride-arrangement-generell-2-facebook-nettside-1-18x10.png"},"portfolio-List-v1":{"width":369,"height":399,"mime-type":"image\/png","filesize":38879,"url":"https:\/\/www.skeivverden.no\/wp-content\/uploads\/2025\/06\/Copy-of-Pride-arrangement-generell-2-facebook-nettside-1-369x399.png"},"portfolio-List-v2":{"width":565,"height":410,"mime-type":"image\/png","filesize":62132,"url":"https:\/\/www.skeivverden.no\/wp-content\/uploads\/2025\/06\/Copy-of-Pride-arrangement-generell-2-facebook-nettside-1-565x410.png"},"portfolio-v7":{"width":450,"height":387,"mime-type":"image\/png","filesize":46788,"url":"https:\/\/www.skeivverden.no\/wp-content\/uploads\/2025\/06\/Copy-of-Pride-arrangement-generell-2-facebook-nettside-1-450x387.png"},"portfolio-280x333":{"width":280,"height":333,"mime-type":"image\/png","filesize":27123,"url":"https:\/\/www.skeivverden.no\/wp-content\/uploads\/2025\/06\/Copy-of-Pride-arrangement-generell-2-facebook-nettside-1-280x333.png"},"portfolio-v9":{"width":475,"height":495,"mime-type":"image\/png","filesize":54105,"url":"https:\/\/www.skeivverden.no\/wp-content\/uploads\/2025\/06\/Copy-of-Pride-arrangement-generell-2-facebook-nettside-1-475x495.png"},"image-slider-922x576":{"width":922,"height":576,"mime-type":"image\/png","filesize":113895,"url":"https:\/\/www.skeivverden.no\/wp-content\/uploads\/2025\/06\/Copy-of-Pride-arrangement-generell-2-facebook-nettside-1-922x576.png"},"image-370x400":{"width":370,"height":400,"mime-type":"image\/png","filesize":38573,"url":"https:\/\/www.skeivverden.no\/wp-content\/uploads\/2025\/06\/Copy-of-Pride-arrangement-generell-2-facebook-nettside-1-370x400.png"},"image-337x351":{"width":337,"height":351,"mime-type":"image\/png","filesize":33616,"url":"https:\/\/www.skeivverden.no\/wp-content\/uploads\/2025\/06\/Copy-of-Pride-arrangement-generell-2-facebook-nettside-1-337x351.png"},"Portfolio-list-640x550":{"width":640,"height":550,"mime-type":"image\/png","filesize":76795,"url":"https:\/\/www.skeivverden.no\/wp-content\/uploads\/2025\/06\/Copy-of-Pride-arrangement-generell-2-facebook-nettside-1-640x550.png"},"Portfolio-list-427x500":{"width":427,"height":500,"mime-type":"image\/png","filesize":47645,"url":"https:\/\/www.skeivverden.no\/wp-content\/uploads\/2025\/06\/Copy-of-Pride-arrangement-generell-2-facebook-nettside-1-427x500.png"},"Portfolio-list370x494":{"width":370,"height":494,"mime-type":"image\/png","filesize":41124,"url":"https:\/\/www.skeivverden.no\/wp-content\/uploads\/2025\/06\/Copy-of-Pride-arrangement-generell-2-facebook-nettside-1-370x494.png"},"Image-gallery-270-160":{"width":270,"height":160,"mime-type":"image\/png","filesize":20402,"url":"https:\/\/www.skeivverden.no\/wp-content\/uploads\/2025\/06\/Copy-of-Pride-arrangement-generell-2-facebook-nettside-1-270x160.png"}}},"all_day":false,"start_date":"2025-06-22 17:00:00","start_date_details":{"year":"2025","month":"06","day":"22","hour":"17","minutes":"00","seconds":"00"},"end_date":"2025-06-22 18:00:00","end_date_details":{"year":"2025","month":"06","day":"22","hour":"18","minutes":"00","seconds":"00"},"utc_start_date":"2025-06-22 17:00:00","utc_start_date_details":{"year":"2025","month":"06","day":"22","hour":"17","minutes":"00","seconds":"00"},"utc_end_date":"2025-06-22 18:00:00","utc_end_date_details":{"year":"2025","month":"06","day":"22","hour":"18","minutes":"00","seconds":"00"},"timezone":"UTC+0","timezone_abbr":"UTC+0","cost":"","cost_details":{"currency_symbol":"Kr","currency_code":"NOK","currency_position":"prefix","values":[]},"website":"","show_map":true,"show_map_link":true,"hide_from_listings":false,"sticky":false,"featured":false,"categories":[{"name":"Oslo-pride","slug":"oslo-pride","term_group":0,"term_taxonomy_id":84,"taxonomy":"tribe_events_cat","description":"","parent":0,"count":37,"filter":"raw","id":108,"urls":{"self":"https:\/\/www.skeivverden.no\/en\/wp-json\/tribe\/events\/v1\/categories\/108","collection":"https:\/\/www.skeivverden.no\/en\/wp-json\/tribe\/events\/v1\/categories"}},{"name":"Pride","slug":"pride","term_group":0,"term_taxonomy_id":74,"taxonomy":"tribe_events_cat","description":"","parent":0,"count":51,"filter":"raw","id":98,"urls":{"self":"https:\/\/www.skeivverden.no\/en\/wp-json\/tribe\/events\/v1\/categories\/98","collection":"https:\/\/www.skeivverden.no\/en\/wp-json\/tribe\/events\/v1\/categories"}}],"tags":[{"name":"Skeiv Verden Sentralt","slug":"skeiv-verden-sentralt","term_group":0,"term_taxonomy_id":78,"taxonomy":"post_tag","description":"","parent":0,"count":16,"filter":"raw","id":102,"urls":{"self":"https:\/\/www.skeivverden.no\/en\/wp-json\/tribe\/events\/v1\/tags\/102","collection":"https:\/\/www.skeivverden.no\/en\/wp-json\/tribe\/events\/v1\/tags"}}],"venue":{"id":9779,"author":"2","status":"publish","date":"2025-06-17 17:49:45","date_utc":"2025-06-17 17:49:45","modified":"2025-06-17 17:49:45","modified_utc":"2025-06-17 17:49:45","url":"https:\/\/www.skeivverden.no\/en\/venue\/pride-house-legenes-hus\/","venue":"Pride House (Legenes hus)","slug":"pride-house-legenes-hus","address":"Christiania Torv 5","city":"Oslo","country":"Norway","province":"Oslo","zip":"0158","website":"https:\/\/www.legeforeningen.no\/legenes-hus\/","stateprovince":"Oslo","json_ld":{"@type":"Place","name":"Pride House (Legenes hus)","description":"","url":"https:\/\/www.skeivverden.no\/en\/venue\/pride-house-legenes-hus\/","address":{"@type":"PostalAddress","streetAddress":"Christiania Torv 5","addressLocality":"Oslo","addressRegion":"Oslo","postalCode":"0158","addressCountry":"Norway"},"telephone":"","sameAs":"https:\/\/www.legeforeningen.no\/legenes-hus\/"},"show_map":true,"show_map_link":true,"global_id":"www.skeivverden.no\/en?id=9779","global_id_lineage":["www.skeivverden.no\/en?id=9779"]},"organizer":[],"custom_fields":[],"json_ld":{"@context":"http:\/\/schema.org","@type":"Event","name":"Panelsamtale: Hvem ser den skeive eleven?","description":"&lt;p&gt;Arrang\u00f8r: Sex og Samfunn + Skeiv Verden. Skolen i Norge skal gj\u00f8re alle barn og unge klare til \u00e5 ta del i det norske samfunnet. En skal l\u00e6res opp til [&hellip;]&lt;\/p&gt;\\n","image":"https:\/\/www.skeivverden.no\/wp-content\/uploads\/2025\/06\/Copy-of-Pride-arrangement-generell-2-facebook-nettside-1.png","url":"https:\/\/www.skeivverden.no\/en\/event\/panelsamtale-hvem-ser-den-skeive-eleven\/","eventAttendanceMode":"https:\/\/schema.org\/OfflineEventAttendanceMode","eventStatus":"https:\/\/schema.org\/EventScheduled","startDate":"2025-06-22T19:00:00+02:00","endDate":"2025-06-22T20:00:00+02:00","location":{"@type":"Place","name":"Pride House (Legenes hus)","description":"","url":"https:\/\/www.skeivverden.no\/en\/venue\/pride-house-legenes-hus\/","address":{"@type":"PostalAddress","streetAddress":"Christiania Torv 5","addressLocality":"Oslo","addressRegion":"Oslo","postalCode":"0158","addressCountry":"Norway"},"telephone":"","sameAs":"https:\/\/www.legeforeningen.no\/legenes-hus\/"},"performer":"Organization"},"is_virtual":false,"virtual_url":null,"virtual_video_source":""}